{"id":306,"date":"1999-08-16T22:00:52","date_gmt":"1999-08-16T21:00:52","guid":{"rendered":"http:\/\/www.magicblur.net\/site\/?p=306"},"modified":"2019-08-26T20:07:10","modified_gmt":"2019-08-26T19:07:10","slug":"la-route-du-rock-saint-malo-15081999","status":"publish","type":"post","link":"https:\/\/www.magicblur.net\/site\/la-route-du-rock-saint-malo-15081999-16-08-1999","title":{"rendered":"La Route Du rock &#8211; Saint Malo &#8211; 15\/08\/1999"},"content":{"rendered":"<div class=\"clear-block\">\n<div id=\"node-25\" class=\"node\"><img loading=\"lazy\" decoding=\"async\" style=\"float: left; margin-left: 25px; margin-right: 25px;\" src=\"..\/..\/roout.jpg\" alt=\"\" width=\"102\" height=\"137\" \/><\/p>\n<div class=\"content clear-block\">\n<p>Des photos, des infos, des commentaires pour \u00e9clairer ce qui fut un concert de blur &lsquo;absolutely fabulous&rsquo; de 0h15 \u00e0 1h40 pile&#8230;<\/p>\n<p>18h00 : les portes du fort St P\u00e8re s&rsquo;ouvrent et petit \u00e0 petit la place sympathique se remplie. A 19h00, les concerts commencent dans un calme plat, tout le monde respire mais beaucoup se demandent tout de m\u00eame o\u00f9 est blur&#8230; Dans un avion, nous a &#8211; t &#8211; on dit&#8230; Arriv\u00e9s vers 19h30, ils restent intouchables, surtout par la presse sp\u00e9cialis\u00e9 . Vendredi, Bernard Lenoir (le fabuleux quincag\u00e9naire de France inter) disait que blur \u00e9tait nul \u00e0 ch&#8230; dans la gazette du festival, bref, l&rsquo;ambiance \u00e9tait tr\u00e8s lourde. Mais bon, Magic blur a quand m\u00eame r\u00e9ussi \u00e0 se faire de la pub sur le Mouv&rsquo;&#8230;<\/p>\n<p>A 22h25, Deus entre sur sc\u00e8ne&#8230; Les premiers rangs s&rsquo;\u00e9crasent, les comp\u00e9titions de slams commencent (ou comment tomber dans les bras des vigiles) et les appareils photos sont rapidement maitris\u00e9s (\u00e9crabouill\u00e9s quoi, en plus d&rsquo;\u00eatre asperg\u00e9s par des salves d&rsquo;eau!)<\/p>\n<p style=\"text-align: center;\"><img loading=\"lazy\" decoding=\"async\" class=\"alignnone wp-image-1445 size-full\" src=\"https:\/\/www.magicblur.net\/site\/wp-content\/uploads\/2019\/08\/ldrdamgr.jpg\" alt=\"\" width=\"363\" height=\"290\" srcset=\"https:\/\/www.magicblur.net\/site\/wp-content\/uploads\/2019\/08\/ldrdamgr.jpg 363w, https:\/\/www.magicblur.net\/site\/wp-content\/uploads\/2019\/08\/ldrdamgr-300x240.jpg 300w\" sizes=\"auto, (max-width: 363px) 100vw, 363px\" \/><\/p>\n<p>A 0h00 , des techniciens refont la balance de blur. Graham est dans le coin et attend sagement !!! A 0h10, tout commence. Damon, Graham, Dave et alex entrent sur la sc\u00e8ne et sont acclam\u00e9s. La foule exhulte, les premiers rangs se broient les os&#8230;<\/p>\n<h2>Setlist<\/h2>\n<p>Tender<br \/>\nBugman<br \/>\nCoffee &amp; TV<br \/>\n1992<br \/>\nNo Distance Left to Run<br \/>\nB.L.U.R.EMI<br \/>\nBattle<br \/>\nTrimm Trabb<\/p>\n<p>(nice, lance Damon)<\/p>\n<p>&#8212;&#8212;&#8212;&#8212;&#8212;&#8212;&#8212;&#8212;&#8212;&#8212;&#8212; entracte, verre pour Damon &#8212;&#8212;&#8212;&#8212;&#8212;&#8212;<\/p>\n<p>Beetlebum<br \/>\n(o\u00f9 Damon se tape un fou rire \u00e0 la guitare)<br \/>\nCountry Sad ballad Man<br \/>\nGirls and boys<\/p>\n<p>&#8212;&#8212;&#8212;&#8212;&#8212;&#8212;&#8212;&#8212;&#8211; entracte, clopes pour tout le groupe &#8212;&#8212;&#8212;&#8212;&#8211;<\/p>\n<p>Popscene<br \/>\nSong 2<br \/>\nThis is a low<\/p>\n<p style=\"text-align: center;\"><img loading=\"lazy\" decoding=\"async\" class=\"alignnone wp-image-1445 size-full\" src=\"https:\/\/www.magicblur.net\/site\/wp-content\/uploads\/2019\/08\/ldrdamgr.jpg\" alt=\"\" width=\"363\" height=\"290\" srcset=\"https:\/\/www.magicblur.net\/site\/wp-content\/uploads\/2019\/08\/ldrdamgr.jpg 363w, https:\/\/www.magicblur.net\/site\/wp-content\/uploads\/2019\/08\/ldrdamgr-300x240.jpg 300w\" sizes=\"auto, (max-width: 363px) 100vw, 363px\" \/><\/p>\n<p>Il est 1h40 et blur se retire&#8230;Ils \u00e9taient superbes! Le concert a montr\u00e9 de v\u00e9ritables b\u00eates de sc\u00e8ne&#8230;<\/p>\n<\/div>\n<div class=\"clear-block\"><\/div>\n<\/div>\n<\/div>\n","protected":false},"excerpt":{"rendered":"<p>Des photos, des infos, des commentaires pour \u00e9clairer ce qui fut un concert de blur &lsquo;absolutely fabulous&rsquo; de 0h15 \u00e0 1h40 pile&#8230; 18h00 : les portes du fort St P\u00e8re s&rsquo;ouvrent et petit \u00e0 petit la place sympathique se remplie. A 19h00, les concerts commencent dans un calme plat, tout le monde respire mais beaucoup [&hellip;]<\/p>\n","protected":false},"author":1,"featured_media":0,"comment_status":"closed","ping_status":"open","sticky":false,"template":"","format":"standard","meta":{"footnotes":""},"categories":[4,1],"tags":[],"class_list":["post-306","post","type-post","status-publish","format-standard","hentry","category-caravan","category-non-classe"],"yoast_head":"<!-- This site is optimized with the Yoast SEO plugin v26.3 - https:\/\/yoast.com\/wordpress\/plugins\/seo\/ -->\n<title>La Route Du rock - Saint Malo - 15\/08\/1999 - magicblur.net :: un site en fran\u00e7ais sur blur<\/title>\n<meta name=\"robots\" content=\"index, follow, max-snippet:-1, max-image-preview:large, max-video-preview:-1\" \/>\n<link rel=\"canonical\" href=\"https:\/\/www.magicblur.net\/site\/la-route-du-rock-saint-malo-15081999-16-08-1999\" \/>\n<meta property=\"og:locale\" content=\"fr_FR\" \/>\n<meta property=\"og:type\" content=\"article\" \/>\n<meta property=\"og:title\" content=\"La Route Du rock - Saint Malo - 15\/08\/1999 - magicblur.net :: un site en fran\u00e7ais sur blur\" \/>\n<meta property=\"og:description\" content=\"Des photos, des infos, des commentaires pour \u00e9clairer ce qui fut un concert de blur &lsquo;absolutely fabulous&rsquo; de 0h15 \u00e0 1h40 pile&#8230; 18h00 : les portes du fort St P\u00e8re s&rsquo;ouvrent et petit \u00e0 petit la place sympathique se remplie. A 19h00, les concerts commencent dans un calme plat, tout le monde respire mais beaucoup [&hellip;]\" \/>\n<meta property=\"og:url\" content=\"https:\/\/www.magicblur.net\/site\/la-route-du-rock-saint-malo-15081999-16-08-1999\" \/>\n<meta property=\"og:site_name\" content=\"magicblur.net :: un site en fran\u00e7ais sur blur\" \/>\n<meta property=\"article:published_time\" content=\"1999-08-16T21:00:52+00:00\" \/>\n<meta property=\"article:modified_time\" content=\"2019-08-26T19:07:10+00:00\" \/>\n<meta property=\"og:image\" content=\"https:\/\/www.magicblur.net\/site\/wp-content\/uploads\/2019\/08\/ldrdamgr.jpg\" \/>\n<meta name=\"author\" content=\"Jo\u00ebl\" \/>\n<meta name=\"twitter:card\" content=\"summary_large_image\" \/>\n<meta name=\"twitter:label1\" content=\"\u00c9crit par\" \/>\n\t<meta name=\"twitter:data1\" content=\"Jo\u00ebl\" \/>\n\t<meta name=\"twitter:label2\" content=\"Dur\u00e9e de lecture estim\u00e9e\" \/>\n\t<meta name=\"twitter:data2\" content=\"2 minutes\" \/>\n<script type=\"application\/ld+json\" class=\"yoast-schema-graph\">{\"@context\":\"https:\/\/schema.org\",\"@graph\":[{\"@type\":\"WebPage\",\"@id\":\"https:\/\/www.magicblur.net\/site\/la-route-du-rock-saint-malo-15081999-16-08-1999\",\"url\":\"https:\/\/www.magicblur.net\/site\/la-route-du-rock-saint-malo-15081999-16-08-1999\",\"name\":\"La Route Du rock - Saint Malo - 15\/08\/1999 - magicblur.net :: un site en fran\u00e7ais sur blur\",\"isPartOf\":{\"@id\":\"\/#website\"},\"primaryImageOfPage\":{\"@id\":\"https:\/\/www.magicblur.net\/site\/la-route-du-rock-saint-malo-15081999-16-08-1999#primaryimage\"},\"image\":{\"@id\":\"https:\/\/www.magicblur.net\/site\/la-route-du-rock-saint-malo-15081999-16-08-1999#primaryimage\"},\"thumbnailUrl\":\"https:\/\/www.magicblur.net\/site\/wp-content\/uploads\/2019\/08\/ldrdamgr.jpg\",\"datePublished\":\"1999-08-16T21:00:52+00:00\",\"dateModified\":\"2019-08-26T19:07:10+00:00\",\"author\":{\"@id\":\"\/#\/schema\/person\/701e366083b7b889b72cd7ddd3a6b249\"},\"inLanguage\":\"fr-FR\",\"potentialAction\":[{\"@type\":\"ReadAction\",\"target\":[\"https:\/\/www.magicblur.net\/site\/la-route-du-rock-saint-malo-15081999-16-08-1999\"]}]},{\"@type\":\"ImageObject\",\"inLanguage\":\"fr-FR\",\"@id\":\"https:\/\/www.magicblur.net\/site\/la-route-du-rock-saint-malo-15081999-16-08-1999#primaryimage\",\"url\":\"https:\/\/www.magicblur.net\/site\/wp-content\/uploads\/2019\/08\/ldrdamgr.jpg\",\"contentUrl\":\"https:\/\/www.magicblur.net\/site\/wp-content\/uploads\/2019\/08\/ldrdamgr.jpg\"},{\"@type\":\"WebSite\",\"@id\":\"\/#website\",\"url\":\"\/\",\"name\":\"magicblur.net :: un site en fran\u00e7ais sur blur\",\"description\":\"Un site en fran\u00e7ais sur blur\",\"potentialAction\":[{\"@type\":\"SearchAction\",\"target\":{\"@type\":\"EntryPoint\",\"urlTemplate\":\"\/?s={search_term_string}\"},\"query-input\":{\"@type\":\"PropertyValueSpecification\",\"valueRequired\":true,\"valueName\":\"search_term_string\"}}],\"inLanguage\":\"fr-FR\"},{\"@type\":\"Person\",\"@id\":\"\/#\/schema\/person\/701e366083b7b889b72cd7ddd3a6b249\",\"name\":\"Jo\u00ebl\",\"image\":{\"@type\":\"ImageObject\",\"inLanguage\":\"fr-FR\",\"@id\":\"\/#\/schema\/person\/image\/\",\"url\":\"https:\/\/secure.gravatar.com\/avatar\/ed871fedf898003f84a2eefb531b3b5b9593aa09a27d3be0a2421d3a2231646b?s=96&d=mm&r=g\",\"contentUrl\":\"https:\/\/secure.gravatar.com\/avatar\/ed871fedf898003f84a2eefb531b3b5b9593aa09a27d3be0a2421d3a2231646b?s=96&d=mm&r=g\",\"caption\":\"Jo\u00ebl\"},\"sameAs\":[\"http:\/\/\"],\"url\":\"https:\/\/www.magicblur.net\/site\/author\/admin\"}]}<\/script>\n<!-- \/ Yoast SEO plugin. -->","yoast_head_json":{"title":"La Route Du rock - Saint Malo - 15\/08\/1999 - magicblur.net :: un site en fran\u00e7ais sur blur","robots":{"index":"index","follow":"follow","max-snippet":"max-snippet:-1","max-image-preview":"max-image-preview:large","max-video-preview":"max-video-preview:-1"},"canonical":"https:\/\/www.magicblur.net\/site\/la-route-du-rock-saint-malo-15081999-16-08-1999","og_locale":"fr_FR","og_type":"article","og_title":"La Route Du rock - Saint Malo - 15\/08\/1999 - magicblur.net :: un site en fran\u00e7ais sur blur","og_description":"Des photos, des infos, des commentaires pour \u00e9clairer ce qui fut un concert de blur &lsquo;absolutely fabulous&rsquo; de 0h15 \u00e0 1h40 pile&#8230; 18h00 : les portes du fort St P\u00e8re s&rsquo;ouvrent et petit \u00e0 petit la place sympathique se remplie. A 19h00, les concerts commencent dans un calme plat, tout le monde respire mais beaucoup [&hellip;]","og_url":"https:\/\/www.magicblur.net\/site\/la-route-du-rock-saint-malo-15081999-16-08-1999","og_site_name":"magicblur.net :: un site en fran\u00e7ais sur blur","article_published_time":"1999-08-16T21:00:52+00:00","article_modified_time":"2019-08-26T19:07:10+00:00","og_image":[{"url":"https:\/\/www.magicblur.net\/site\/wp-content\/uploads\/2019\/08\/ldrdamgr.jpg","type":"","width":"","height":""}],"author":"Jo\u00ebl","twitter_card":"summary_large_image","twitter_misc":{"\u00c9crit par":"Jo\u00ebl","Dur\u00e9e de lecture estim\u00e9e":"2 minutes"},"schema":{"@context":"https:\/\/schema.org","@graph":[{"@type":"WebPage","@id":"https:\/\/www.magicblur.net\/site\/la-route-du-rock-saint-malo-15081999-16-08-1999","url":"https:\/\/www.magicblur.net\/site\/la-route-du-rock-saint-malo-15081999-16-08-1999","name":"La Route Du rock - Saint Malo - 15\/08\/1999 - magicblur.net :: un site en fran\u00e7ais sur blur","isPartOf":{"@id":"\/#website"},"primaryImageOfPage":{"@id":"https:\/\/www.magicblur.net\/site\/la-route-du-rock-saint-malo-15081999-16-08-1999#primaryimage"},"image":{"@id":"https:\/\/www.magicblur.net\/site\/la-route-du-rock-saint-malo-15081999-16-08-1999#primaryimage"},"thumbnailUrl":"https:\/\/www.magicblur.net\/site\/wp-content\/uploads\/2019\/08\/ldrdamgr.jpg","datePublished":"1999-08-16T21:00:52+00:00","dateModified":"2019-08-26T19:07:10+00:00","author":{"@id":"\/#\/schema\/person\/701e366083b7b889b72cd7ddd3a6b249"},"inLanguage":"fr-FR","potentialAction":[{"@type":"ReadAction","target":["https:\/\/www.magicblur.net\/site\/la-route-du-rock-saint-malo-15081999-16-08-1999"]}]},{"@type":"ImageObject","inLanguage":"fr-FR","@id":"https:\/\/www.magicblur.net\/site\/la-route-du-rock-saint-malo-15081999-16-08-1999#primaryimage","url":"https:\/\/www.magicblur.net\/site\/wp-content\/uploads\/2019\/08\/ldrdamgr.jpg","contentUrl":"https:\/\/www.magicblur.net\/site\/wp-content\/uploads\/2019\/08\/ldrdamgr.jpg"},{"@type":"WebSite","@id":"\/#website","url":"\/","name":"magicblur.net :: un site en fran\u00e7ais sur blur","description":"Un site en fran\u00e7ais sur blur","potentialAction":[{"@type":"SearchAction","target":{"@type":"EntryPoint","urlTemplate":"\/?s={search_term_string}"},"query-input":{"@type":"PropertyValueSpecification","valueRequired":true,"valueName":"search_term_string"}}],"inLanguage":"fr-FR"},{"@type":"Person","@id":"\/#\/schema\/person\/701e366083b7b889b72cd7ddd3a6b249","name":"Jo\u00ebl","image":{"@type":"ImageObject","inLanguage":"fr-FR","@id":"\/#\/schema\/person\/image\/","url":"https:\/\/secure.gravatar.com\/avatar\/ed871fedf898003f84a2eefb531b3b5b9593aa09a27d3be0a2421d3a2231646b?s=96&d=mm&r=g","contentUrl":"https:\/\/secure.gravatar.com\/avatar\/ed871fedf898003f84a2eefb531b3b5b9593aa09a27d3be0a2421d3a2231646b?s=96&d=mm&r=g","caption":"Jo\u00ebl"},"sameAs":["http:\/\/"],"url":"https:\/\/www.magicblur.net\/site\/author\/admin"}]}},"_links":{"self":[{"href":"https:\/\/www.magicblur.net\/site\/wp-json\/wp\/v2\/posts\/306","targetHints":{"allow":["GET"]}}],"collection":[{"href":"https:\/\/www.magicblur.net\/site\/wp-json\/wp\/v2\/posts"}],"about":[{"href":"https:\/\/www.magicblur.net\/site\/wp-json\/wp\/v2\/types\/post"}],"author":[{"embeddable":true,"href":"https:\/\/www.magicblur.net\/site\/wp-json\/wp\/v2\/users\/1"}],"replies":[{"embeddable":true,"href":"https:\/\/www.magicblur.net\/site\/wp-json\/wp\/v2\/comments?post=306"}],"version-history":[{"count":3,"href":"https:\/\/www.magicblur.net\/site\/wp-json\/wp\/v2\/posts\/306\/revisions"}],"predecessor-version":[{"id":1511,"href":"https:\/\/www.magicblur.net\/site\/wp-json\/wp\/v2\/posts\/306\/revisions\/1511"}],"wp:attachment":[{"href":"https:\/\/www.magicblur.net\/site\/wp-json\/wp\/v2\/media?parent=306"}],"wp:term":[{"taxonomy":"category","embeddable":true,"href":"https:\/\/www.magicblur.net\/site\/wp-json\/wp\/v2\/categories?post=306"},{"taxonomy":"post_tag","embeddable":true,"href":"https:\/\/www.magicblur.net\/site\/wp-json\/wp\/v2\/tags?post=306"}],"curies":[{"name":"wp","href":"https:\/\/api.w.org\/{rel}","templated":true}]}}